{"id":31,"date":"2018-04-09T15:35:58","date_gmt":"2018-04-09T13:35:58","guid":{"rendered":"http:\/\/127.0.0.1:8080\/kpv-2018\/?p=31"},"modified":"2018-04-09T15:35:58","modified_gmt":"2018-04-09T13:35:58","slug":"about-us","status":"publish","type":"post","link":"https:\/\/krankenpflegeverein-lustenau.at\/kpv-2018\/2018\/04\/09\/about-us\/","title":{"rendered":"about us"},"content":{"rendered":"<p><img loading=\"lazy\" decoding=\"async\" class=\"size-medium wp-image-32 alignleft\" src=\"https:\/\/krankenpflegeverein-lustenau.at\/kpv-2018\/wp-content\/uploads\/2018\/04\/img1-neu_web-300x281.jpg\" alt=\"\" width=\"300\" height=\"281\" srcset=\"https:\/\/krankenpflegeverein-lustenau.at\/kpv-2018\/wp-content\/uploads\/2018\/04\/img1-neu_web-300x281.jpg 300w, https:\/\/krankenpflegeverein-lustenau.at\/kpv-2018\/wp-content\/uploads\/2018\/04\/img1-neu_web-96x90.jpg 96w, https:\/\/krankenpflegeverein-lustenau.at\/kpv-2018\/wp-content\/uploads\/2018\/04\/img1-neu_web-450x422.jpg 450w, https:\/\/krankenpflegeverein-lustenau.at\/kpv-2018\/wp-content\/uploads\/2018\/04\/img1-neu_web.jpg 470w\" sizes=\"auto, (max-width: 300px) 100vw, 300px\" \/>Der Krankenpflegeverein Lustenau ist Ihr Ansprechpartner f\u00fcr Pflegefragen und erm\u00f6glicht eine qualifizierte<br \/>\nganzheitliche Pflege zu Hause.<\/p>\n<p>Wir unterst\u00fctzen den Wunsch kranker und pflegebed\u00fcrftiger Menschen, in vertrauter Umgebung professionell und einf\u00fchlsam gepflegt zu werden.<\/p>\n<p>Den pflegenden Angeh\u00f6rigen bieten unsere Pflegefachkr\u00e4fte Unterst\u00fctzung und Begleitung, Entlastung und St\u00e4rkung sowie Motivation f\u00fcr den Pflegealltag.<\/p>\n","protected":false},"excerpt":{"rendered":"<p>Der Krankenpflegeverein Lustenau ist Ihr Ansprechpartner f\u00fcr Pflegefragen und erm\u00f6glicht eine qualifizierte ganzheitliche Pflege zu Hause. Wir unterst\u00fctzen den Wunsch kranker und pflegebed\u00fcrftiger Menschen, in vertrauter Umgebung professionell und einf\u00fchlsam gepflegt zu werden. Den pflegenden Angeh\u00f6rigen bieten unsere Pflegefachkr\u00e4fte Unterst\u00fctzung und Begleitung, Entlastung und St\u00e4rkung sowie Motivation f\u00fcr den Pflegealltag.<\/p>\n","protected":false},"author":1,"featured_media":0,"comment_status":"open","ping_status":"open","sticky":false,"template":"","format":"standard","meta":{"footnotes":""},"categories":[1],"tags":[],"class_list":["post-31","post","type-post","status-publish","format-standard","hentry","category-allgemein"],"_links":{"self":[{"href":"https:\/\/krankenpflegeverein-lustenau.at\/kpv-2018\/wp-json\/wp\/v2\/posts\/31","targetHints":{"allow":["GET"]}}],"collection":[{"href":"https:\/\/krankenpflegeverein-lustenau.at\/kpv-2018\/wp-json\/wp\/v2\/posts"}],"about":[{"href":"https:\/\/krankenpflegeverein-lustenau.at\/kpv-2018\/wp-json\/wp\/v2\/types\/post"}],"author":[{"embeddable":true,"href":"https:\/\/krankenpflegeverein-lustenau.at\/kpv-2018\/wp-json\/wp\/v2\/users\/1"}],"replies":[{"embeddable":true,"href":"https:\/\/krankenpflegeverein-lustenau.at\/kpv-2018\/wp-json\/wp\/v2\/comments?post=31"}],"version-history":[{"count":1,"href":"https:\/\/krankenpflegeverein-lustenau.at\/kpv-2018\/wp-json\/wp\/v2\/posts\/31\/revisions"}],"predecessor-version":[{"id":33,"href":"https:\/\/krankenpflegeverein-lustenau.at\/kpv-2018\/wp-json\/wp\/v2\/posts\/31\/revisions\/33"}],"wp:attachment":[{"href":"https:\/\/krankenpflegeverein-lustenau.at\/kpv-2018\/wp-json\/wp\/v2\/media?parent=31"}],"wp:term":[{"taxonomy":"category","embeddable":true,"href":"https:\/\/krankenpflegeverein-lustenau.at\/kpv-2018\/wp-json\/wp\/v2\/categories?post=31"},{"taxonomy":"post_tag","embeddable":true,"href":"https:\/\/krankenpflegeverein-lustenau.at\/kpv-2018\/wp-json\/wp\/v2\/tags?post=31"}],"curies":[{"name":"wp","href":"https:\/\/api.w.org\/{rel}","templated":true}]}}